{"id":9217,"date":"2021-02-08T19:36:55","date_gmt":"2021-02-08T19:36:55","guid":{"rendered":"https:\/\/cdtrp.ca\/?p=9217"},"modified":"2021-02-11T15:52:48","modified_gmt":"2021-02-11T15:52:48","slug":"feb-18-19-2021-journee-detude-interdisciplinaire-sur-le-don","status":"publish","type":"post","link":"https:\/\/cdtrp.ca\/en\/feb-18-19-2021-journee-detude-interdisciplinaire-sur-le-don\/","title":{"rendered":"Feb 18-19, 2021: Journ\u00e9e d&#8217;\u00e9tude interdisciplinaire sur le don"},"content":{"rendered":"<div class=\"fusion-fullwidth fullwidth-box fusion-builder-row-1 fusion-flex-container nonhundred-percent-fullwidth non-hundred-percent-height-scrolling\" style=\"--awb-border-radius-top-left:0px;--awb-border-radius-top-right:0px;--awb-border-radius-bottom-right:0px;--awb-border-radius-bottom-left:0px;--awb-flex-wrap:wrap;\" ><div class=\"fusion-builder-row fusion-row fusion-flex-align-items-flex-start fusion-flex-content-wrap\" style=\"max-width:1216.8px;margin-left: calc(-4% \/ 2 );margin-right: calc(-4% \/ 2 );\"><div class=\"fusion-layout-column fusion_builder_column fusion-builder-column-0 fusion_builder_column_1_1 1_1 fusion-flex-column\" style=\"--awb-bg-size:cover;--awb-width-large:100%;--awb-margin-top-large:0px;--awb-spacing-right-large:1.92%;--awb-margin-bottom-large:0px;--awb-spacing-left-large:1.92%;--awb-width-medium:100%;--awb-order-medium:0;--awb-spacing-right-medium:1.92%;--awb-spacing-left-medium:1.92%;--awb-width-small:100%;--awb-order-small:0;--awb-spacing-right-small:1.92%;--awb-spacing-left-small:1.92%;\"><div class=\"fusion-column-wrapper fusion-column-has-shadow fusion-flex-justify-content-flex-start fusion-content-layout-column\"><div class=\"fusion-text fusion-text-1\"><h4>Feb 18-19, 2021: <em>Journ\u00e9e d&#8217;\u00e9tude interdisciplinaire sur le don<\/em><br \/>\n<img decoding=\"async\" class=\"lazyload  wp-image-9223 alignright\" src=\"https:\/\/cdtrp.ca\/wp-content\/uploads\/2021\/02\/Capture-de\u0301cran-le-2021-02-08-a\u0300-09.53.45-797x1024.png\" data-orig-src=\"https:\/\/cdtrp.ca\/wp-content\/uploads\/2021\/02\/Capture-de\u0301cran-le-2021-02-08-a\u0300-09.53.45-797x1024.png\" alt=\"\" width=\"395\" height=\"507\" srcset=\"data:image\/svg+xml,%3Csvg%20xmlns%3D%27http%3A%2F%2Fwww.w3.org%2F2000%2Fsvg%27%20width%3D%27395%27%20height%3D%27507%27%20viewBox%3D%270%200%20395%20507%27%3E%3Crect%20width%3D%27395%27%20height%3D%27507%27%20fill-opacity%3D%220%22%2F%3E%3C%2Fsvg%3E\" data-srcset=\"https:\/\/cdtrp.ca\/wp-content\/uploads\/2021\/02\/Capture-de\u0301cran-le-2021-02-08-a\u0300-09.53.45-200x257.png 200w, https:\/\/cdtrp.ca\/wp-content\/uploads\/2021\/02\/Capture-de\u0301cran-le-2021-02-08-a\u0300-09.53.45-234x300.png 234w, https:\/\/cdtrp.ca\/wp-content\/uploads\/2021\/02\/Capture-de\u0301cran-le-2021-02-08-a\u0300-09.53.45-400x514.png 400w, https:\/\/cdtrp.ca\/wp-content\/uploads\/2021\/02\/Capture-de\u0301cran-le-2021-02-08-a\u0300-09.53.45-600x770.png 600w, https:\/\/cdtrp.ca\/wp-content\/uploads\/2021\/02\/Capture-de\u0301cran-le-2021-02-08-a\u0300-09.53.45-768x986.png 768w, https:\/\/cdtrp.ca\/wp-content\/uploads\/2021\/02\/Capture-de\u0301cran-le-2021-02-08-a\u0300-09.53.45-797x1024.png 797w, https:\/\/cdtrp.ca\/wp-content\/uploads\/2021\/02\/Capture-de\u0301cran-le-2021-02-08-a\u0300-09.53.45-800x1027.png 800w, https:\/\/cdtrp.ca\/wp-content\/uploads\/2021\/02\/Capture-de\u0301cran-le-2021-02-08-a\u0300-09.53.45.png 1084w\" data-sizes=\"auto\" data-orig-sizes=\"(max-width: 395px) 100vw, 395px\" \/><\/h4>\n<p class=\"p1\">Dr. Marie-Chantal Fortin, Simon Harel and Catherine Mavrikakis from the <em>Chaire McConnell-Universit\u00e9 de Montr\u00e9al en recherche-cr\u00e9ation sur les r\u00e9cits du don et de la vie en contexte de soin<\/em> invite you to join a two-day online conference on the interdisciplinary study of donation.<\/p>\n<ul>\n<li><strong>When:<\/strong> February 18 and 19, 2021<\/li>\n<li><strong>Where:<\/strong> Online (<a href=\"https:\/\/umontreal.zoom.us\/j\/99487933197? pwd=WGxZZ0hRQmJtQTdIc1l4ZnhQRndUdz09\">Zoom<\/a>)<\/li>\n<\/ul>\n<h5>Speakers<\/h5>\n<ul>\n<li>Patrick Autr\u00e9aux<\/li>\n<li>Louise Bernier<\/li>\n<li>Terry Cochran<\/li>\n<li>Alain Deneault<\/li>\n<li>Simon Harel<\/li>\n<li>Jacques Gauthier<\/li>\n<li>Dalie Giroux<\/li>\n<li>Sophie M\u00e9nard<\/li>\n<li>Ma\u00eft\u00e9 Snauwaert<\/li>\n<li>Justina Uribe<\/li>\n<\/ul>\n<h5 style=\"text-align: center;\"><a href=\"https:\/\/cdtrp.ca\/wp-content\/uploads\/2021\/02\/Journe\u0301esurledon_Invitationprogramme_ChaireMcConnell-UdeM.pdf\">Download the full program here<\/a> (in French).<\/h5>\n<\/div><\/div><\/div><\/div><\/div>\n","protected":false},"excerpt":{"rendered":"","protected":false},"author":6,"featured_media":9221,"comment_status":"open","ping_status":"open","sticky":false,"template":"","format":"standard","meta":{"footnotes":""},"categories":[1,75],"tags":[],"class_list":["post-9217","post","type-post","status-publish","format-standard","has-post-thumbnail","hentry","category-general","category-featured"],"_links":{"self":[{"href":"https:\/\/cdtrp.ca\/en\/wp-json\/wp\/v2\/posts\/9217"}],"collection":[{"href":"https:\/\/cdtrp.ca\/en\/wp-json\/wp\/v2\/posts"}],"about":[{"href":"https:\/\/cdtrp.ca\/en\/wp-json\/wp\/v2\/types\/post"}],"author":[{"embeddable":true,"href":"https:\/\/cdtrp.ca\/en\/wp-json\/wp\/v2\/users\/6"}],"replies":[{"embeddable":true,"href":"https:\/\/cdtrp.ca\/en\/wp-json\/wp\/v2\/comments?post=9217"}],"version-history":[{"count":6,"href":"https:\/\/cdtrp.ca\/en\/wp-json\/wp\/v2\/posts\/9217\/revisions"}],"predecessor-version":[{"id":9326,"href":"https:\/\/cdtrp.ca\/en\/wp-json\/wp\/v2\/posts\/9217\/revisions\/9326"}],"wp:featuredmedia":[{"embeddable":true,"href":"https:\/\/cdtrp.ca\/en\/wp-json\/wp\/v2\/media\/9221"}],"wp:attachment":[{"href":"https:\/\/cdtrp.ca\/en\/wp-json\/wp\/v2\/media?parent=9217"}],"wp:term":[{"taxonomy":"category","embeddable":true,"href":"https:\/\/cdtrp.ca\/en\/wp-json\/wp\/v2\/categories?post=9217"},{"taxonomy":"post_tag","embeddable":true,"href":"https:\/\/cdtrp.ca\/en\/wp-json\/wp\/v2\/tags?post=9217"}],"curies":[{"name":"wp","href":"https:\/\/api.w.org\/{rel}","templated":true}]}}